{"id":1797,"date":"2026-09-04T12:32:51","date_gmt":"2026-09-04T10:32:51","guid":{"rendered":"https:\/\/mairielachapelleblanche.fr\/?p=1797"},"modified":"2026-09-04T12:32:51","modified_gmt":"2026-09-04T10:32:51","slug":"conseil-municipal-le-08-septembre-2026-20-h","status":"publish","type":"post","link":"https:\/\/mairielachapelleblanche.fr\/?p=1797","title":{"rendered":"Conseil municipal le 08 septembre 2026 &#8211; 20 h"},"content":{"rendered":"\n<p><\/p>\n\n\n\n<p>                                                        <strong>R\u00c9UNION DU CONSEIL MUNICIPAL<\/strong><\/p>\n\n\n\n<p>                                                     <strong>Mardi 08 septembre 2026 \u00e0 20 heures<\/strong><\/p>\n\n\n\n<p>                                                       <strong>A la mairie de La Chapelle Blanche<\/strong><\/p>\n\n\n\n<p><strong><u>L\u2019ordre du jour comprendra les questions suivantes&nbsp;:<\/u><\/strong><\/p>\n\n\n\n<ol class=\"wp-block-list\">\n<li>Intervention d\u2019ARCADE<\/li>\n\n\n\n<li>Lecture et approbation du proc\u00e8s-verbal de la pr\u00e9c\u00e9dente r\u00e9union du 05\/06\/2026<\/li>\n\n\n\n<li>D\u00e9lib\u00e9ration tableau des emplois au 01\/10\/2026<\/li>\n\n\n\n<li>D\u00e9lib\u00e9ration instituant la taxe sur la vacance des locaux d\u2019habitation<\/li>\n\n\n\n<li>D\u00e9lib\u00e9ration pour le transfert de comp\u00e9tence au Syndicat D\u00e9partemental d\u2019Energie de la Savoie (SDES)<\/li>\n\n\n\n<li>D\u00e9lib\u00e9ration pour la d\u00e9signation du repr\u00e9sentant du SIVU Scolaire \u00e0 l\u2019association \u00ab\u00a0ACC C\u0153ur de Savoie Energie\u00a0\u00bb &#8211; Autoconsommation collective<\/li>\n\n\n\n<li>Questions diverses<\/li>\n<\/ol>\n\n\n\n<p><\/p>\n","protected":false},"excerpt":{"rendered":"<p>R\u00c9UNION DU CONSEIL MUNICIPAL Mardi 08 septembre 2026 \u00e0 20 heures A la mairie de La Chapelle Blanche L\u2019ordre du jour comprendra les questions suivantes&nbsp;:<\/p>\n","protected":false},"author":1,"featured_media":0,"comment_status":"closed","ping_status":"closed","sticky":false,"template":"","format":"standard","meta":{"footnotes":""},"categories":[4,3],"tags":[],"class_list":["post-1797","post","type-post","status-publish","format-standard","hentry","category-accueil","category-actualite","post-wrap"],"_links":{"self":[{"href":"https:\/\/mairielachapelleblanche.fr\/index.php?rest_route=\/wp\/v2\/posts\/1797","targetHints":{"allow":["GET"]}}],"collection":[{"href":"https:\/\/mairielachapelleblanche.fr\/index.php?rest_route=\/wp\/v2\/posts"}],"about":[{"href":"https:\/\/mairielachapelleblanche.fr\/index.php?rest_route=\/wp\/v2\/types\/post"}],"author":[{"embeddable":true,"href":"https:\/\/mairielachapelleblanche.fr\/index.php?rest_route=\/wp\/v2\/users\/1"}],"replies":[{"embeddable":true,"href":"https:\/\/mairielachapelleblanche.fr\/index.php?rest_route=%2Fwp%2Fv2%2Fcomments&post=1797"}],"version-history":[{"count":1,"href":"https:\/\/mairielachapelleblanche.fr\/index.php?rest_route=\/wp\/v2\/posts\/1797\/revisions"}],"predecessor-version":[{"id":1798,"href":"https:\/\/mairielachapelleblanche.fr\/index.php?rest_route=\/wp\/v2\/posts\/1797\/revisions\/1798"}],"wp:attachment":[{"href":"https:\/\/mairielachapelleblanche.fr\/index.php?rest_route=%2Fwp%2Fv2%2Fmedia&parent=1797"}],"wp:term":[{"taxonomy":"category","embeddable":true,"href":"https:\/\/mairielachapelleblanche.fr\/index.php?rest_route=%2Fwp%2Fv2%2Fcategories&post=1797"},{"taxonomy":"post_tag","embeddable":true,"href":"https:\/\/mairielachapelleblanche.fr\/index.php?rest_route=%2Fwp%2Fv2%2Ftags&post=1797"}],"curies":[{"name":"wp","href":"https:\/\/api.w.org\/{rel}","templated":true}]}}