{"id":1788,"date":"2026-09-03T12:48:27","date_gmt":"2026-09-03T10:48:27","guid":{"rendered":"https:\/\/mairielachapelleblanche.fr\/?p=1788"},"modified":"2026-09-03T12:53:51","modified_gmt":"2026-09-03T10:53:51","slug":"chez-meliss-lexcellence-reconnue","status":"publish","type":"post","link":"https:\/\/mairielachapelleblanche.fr\/?p=1788","title":{"rendered":"Chez Meliss&rsquo; : L&rsquo;excellence reconnue"},"content":{"rendered":"\n<p class=\"has-text-align-center has-black-color has-text-color has-link-color has-medium-font-size wp-elements-1ee4350c9c3f20ade61d2ae852295ee1\"><strong>Melissa SOUIDI, vice championne de France de Pizza <\/strong><br><strong>participera \u00e0 la coupe du monde en Italie<\/strong><\/p>\n\n\n\n<p class=\"has-text-align-center\"><strong>F\u00e9licitations !!!<\/strong><\/p>\n\n\n\n<p class=\"has-text-align-center\"><strong>M\u00e9lissa est pr\u00e9sente tous les mardi \u00e0 La Chapelle Blanche<\/strong><\/p>\n\n\n\n<figure class=\"wp-block-image size-large\"><a href=\"https:\/\/www.savoie-news.fr\/reportages\/gastronomie\/article\/une-savoyarde-va-participer-a-la-coupe-du-monde-de-la-pizza\" target=\"_blank\" rel=\" noreferrer noopener\"><img loading=\"lazy\" decoding=\"async\" width=\"1024\" height=\"531\" src=\"https:\/\/mairielachapelleblanche.fr\/wp-content\/uploads\/2026\/09\/Pizza-Chez-Meliss-1024x531.png\" alt=\"\" class=\"wp-image-1789\" srcset=\"https:\/\/mairielachapelleblanche.fr\/wp-content\/uploads\/2026\/09\/Pizza-Chez-Meliss-1024x531.png 1024w, https:\/\/mairielachapelleblanche.fr\/wp-content\/uploads\/2026\/09\/Pizza-Chez-Meliss-300x156.png 300w, https:\/\/mairielachapelleblanche.fr\/wp-content\/uploads\/2026\/09\/Pizza-Chez-Meliss-768x398.png 768w, https:\/\/mairielachapelleblanche.fr\/wp-content\/uploads\/2026\/09\/Pizza-Chez-Meliss-1300x674.png 1300w, https:\/\/mairielachapelleblanche.fr\/wp-content\/uploads\/2026\/09\/Pizza-Chez-Meliss-750x389.png 750w, https:\/\/mairielachapelleblanche.fr\/wp-content\/uploads\/2026\/09\/Pizza-Chez-Meliss.png 1518w\" sizes=\"auto, (max-width: 1024px) 100vw, 1024px\" \/><\/a><\/figure>\n","protected":false},"excerpt":{"rendered":"<p>Melissa SOUIDI, vice championne de France de Pizza participera \u00e0 la coupe du monde en Italie F\u00e9licitations !!! M\u00e9lissa est pr\u00e9sente tous les mardi \u00e0 La Chapelle Blanche<\/p>\n","protected":false},"author":1,"featured_media":0,"comment_status":"closed","ping_status":"closed","sticky":false,"template":"","format":"standard","meta":{"footnotes":""},"categories":[3],"tags":[],"class_list":["post-1788","post","type-post","status-publish","format-standard","hentry","category-actualite","post-wrap"],"_links":{"self":[{"href":"https:\/\/mairielachapelleblanche.fr\/index.php?rest_route=\/wp\/v2\/posts\/1788","targetHints":{"allow":["GET"]}}],"collection":[{"href":"https:\/\/mairielachapelleblanche.fr\/index.php?rest_route=\/wp\/v2\/posts"}],"about":[{"href":"https:\/\/mairielachapelleblanche.fr\/index.php?rest_route=\/wp\/v2\/types\/post"}],"author":[{"embeddable":true,"href":"https:\/\/mairielachapelleblanche.fr\/index.php?rest_route=\/wp\/v2\/users\/1"}],"replies":[{"embeddable":true,"href":"https:\/\/mairielachapelleblanche.fr\/index.php?rest_route=%2Fwp%2Fv2%2Fcomments&post=1788"}],"version-history":[{"count":3,"href":"https:\/\/mairielachapelleblanche.fr\/index.php?rest_route=\/wp\/v2\/posts\/1788\/revisions"}],"predecessor-version":[{"id":1793,"href":"https:\/\/mairielachapelleblanche.fr\/index.php?rest_route=\/wp\/v2\/posts\/1788\/revisions\/1793"}],"wp:attachment":[{"href":"https:\/\/mairielachapelleblanche.fr\/index.php?rest_route=%2Fwp%2Fv2%2Fmedia&parent=1788"}],"wp:term":[{"taxonomy":"category","embeddable":true,"href":"https:\/\/mairielachapelleblanche.fr\/index.php?rest_route=%2Fwp%2Fv2%2Fcategories&post=1788"},{"taxonomy":"post_tag","embeddable":true,"href":"https:\/\/mairielachapelleblanche.fr\/index.php?rest_route=%2Fwp%2Fv2%2Ftags&post=1788"}],"curies":[{"name":"wp","href":"https:\/\/api.w.org\/{rel}","templated":true}]}}