{"id":1641,"date":"2025-06-20T19:42:57","date_gmt":"2025-06-20T17:42:57","guid":{"rendered":"https:\/\/mairielachapelleblanche.fr\/?p=1641"},"modified":"2025-06-22T22:05:52","modified_gmt":"2025-06-22T20:05:52","slug":"comment-echapper-au-village-dortoir","status":"publish","type":"post","link":"https:\/\/mairielachapelleblanche.fr\/?p=1641","title":{"rendered":"Comment \u00e9chapper au \u00ab\u00a0village dortoir\u00a0\u00bb ?"},"content":{"rendered":"\n<h2 class=\"wp-block-heading has-text-align-center has-vivid-red-color has-text-color has-link-color wp-elements-411fd658ab9c4249ba0d64428c49ab24\">Prolongation du Forum jusqu&rsquo;au 05\/07\/25<\/h2>\n\n\n\n<p class=\"has-vivid-green-cyan-color has-white-background-color has-text-color has-background has-link-color has-medium-font-size wp-elements-47f0b36b0a2c45fd1675c98272a1122d\"><strong>La concertation du forum des habitants du 17 juin se poursuit jusqu&rsquo;au 05 juillet 2025.<\/strong><\/p>\n\n\n\n<p><strong>Vous pouvez consulter les panneaux d&rsquo;information et les questions pos\u00e9es en mairie ou en les t\u00e9l\u00e9chargeant ici<\/strong> :<\/p>\n\n\n<div class=\"wp-block-image\">\n<figure class=\"aligncenter size-large is-resized\"><img loading=\"lazy\" decoding=\"async\" width=\"724\" height=\"1024\" src=\"http:\/\/mairielachapelleblanche.fr\/wp-content\/uploads\/2025\/06\/affiche-la-chapelle-blanche-prolongation-724x1024.jpg\" alt=\"\" class=\"wp-image-1651\" style=\"width:474px;height:auto\" srcset=\"https:\/\/mairielachapelleblanche.fr\/wp-content\/uploads\/2025\/06\/affiche-la-chapelle-blanche-prolongation-724x1024.jpg 724w, https:\/\/mairielachapelleblanche.fr\/wp-content\/uploads\/2025\/06\/affiche-la-chapelle-blanche-prolongation-212x300.jpg 212w, https:\/\/mairielachapelleblanche.fr\/wp-content\/uploads\/2025\/06\/affiche-la-chapelle-blanche-prolongation-768x1086.jpg 768w, https:\/\/mairielachapelleblanche.fr\/wp-content\/uploads\/2025\/06\/affiche-la-chapelle-blanche-prolongation-1086x1536.jpg 1086w, https:\/\/mairielachapelleblanche.fr\/wp-content\/uploads\/2025\/06\/affiche-la-chapelle-blanche-prolongation-1448x2048.jpg 1448w, https:\/\/mairielachapelleblanche.fr\/wp-content\/uploads\/2025\/06\/affiche-la-chapelle-blanche-prolongation-1300x1839.jpg 1300w, https:\/\/mairielachapelleblanche.fr\/wp-content\/uploads\/2025\/06\/affiche-la-chapelle-blanche-prolongation-353x500.jpg 353w, https:\/\/mairielachapelleblanche.fr\/wp-content\/uploads\/2025\/06\/affiche-la-chapelle-blanche-prolongation.jpg 1754w\" sizes=\"auto, (max-width: 724px) 100vw, 724px\" \/><\/figure><\/div>\n\n\n<div class=\"wp-block-file aligncenter\"><a id=\"wp-block-file--media-5fd85fac-10c8-449c-94e9-f2e56bdb362d\" href=\"http:\/\/mairielachapelleblanche.fr\/wp-content\/uploads\/2025\/06\/Panneau-gestion-communale.pdf\"><strong>Panneau gestion communale<\/strong><\/a><a href=\"http:\/\/mairielachapelleblanche.fr\/wp-content\/uploads\/2025\/06\/Panneau-gestion-communale.pdf\" class=\"wp-block-file__button wp-element-button\" download aria-describedby=\"wp-block-file--media-5fd85fac-10c8-449c-94e9-f2e56bdb362d\">T\u00e9l\u00e9charger<\/a><\/div>\n\n\n\n<div class=\"wp-block-file aligncenter\"><a id=\"wp-block-file--media-2bf8b36c-91d0-4b38-b86a-7af38cb575bc\" href=\"http:\/\/mairielachapelleblanche.fr\/wp-content\/uploads\/2025\/06\/Panneaux-Ecole.pdf\"><strong>Panneaux \u00c9cole<\/strong><\/a><a href=\"http:\/\/mairielachapelleblanche.fr\/wp-content\/uploads\/2025\/06\/Panneaux-Ecole.pdf\" class=\"wp-block-file__button wp-element-button\" download aria-describedby=\"wp-block-file--media-2bf8b36c-91d0-4b38-b86a-7af38cb575bc\">T\u00e9l\u00e9charger<\/a><\/div>\n\n\n\n<div class=\"wp-block-file aligncenter\"><a id=\"wp-block-file--media-ad8d7fc4-9e21-4ebd-a4ae-51827bd73549\" href=\"http:\/\/mairielachapelleblanche.fr\/wp-content\/uploads\/2025\/06\/Panneaux-Amenagement-du-territoire.pdf\"><strong>Panneaux Am\u00e9nagement du territoire<\/strong><\/a><a href=\"http:\/\/mairielachapelleblanche.fr\/wp-content\/uploads\/2025\/06\/Panneaux-Amenagement-du-territoire.pdf\" class=\"wp-block-file__button wp-element-button\" download aria-describedby=\"wp-block-file--media-ad8d7fc4-9e21-4ebd-a4ae-51827bd73549\">T\u00e9l\u00e9charger<\/a><\/div>\n\n\n\n<div class=\"wp-block-file aligncenter\"><a id=\"wp-block-file--media-abfb52ad-253c-4157-ab9c-a97806af8ba1\" href=\"http:\/\/mairielachapelleblanche.fr\/wp-content\/uploads\/2025\/06\/Panneaux-les-associations.pdf\"><strong>Panneaux les associations<\/strong><\/a><a href=\"http:\/\/mairielachapelleblanche.fr\/wp-content\/uploads\/2025\/06\/Panneaux-les-associations.pdf\" class=\"wp-block-file__button wp-element-button\" download aria-describedby=\"wp-block-file--media-abfb52ad-253c-4157-ab9c-a97806af8ba1\">T\u00e9l\u00e9charger<\/a><\/div>\n\n\n\n<p class=\"has-text-align-center\"><strong>Vous souhaitez participer, donner votre avis ? <br>D\u00e9posez vos contributions en mairie aux heures d&rsquo;ouvertures ou dans la bo\u00eete \u00e0 lettres de la mairie ou encore \u00e0 l&rsquo;\u00e9cole pour les parents d&rsquo;\u00e9l\u00e8ves<\/strong><\/p>\n","protected":false},"excerpt":{"rendered":"<p>Prolongation du Forum jusqu&rsquo;au 05\/07\/25 La concertation du forum des habitants du 17 juin se poursuit jusqu&rsquo;au 05 juillet 2025. Vous pouvez consulter les panneaux d&rsquo;information et les questions pos\u00e9es en mairie ou en les t\u00e9l\u00e9chargeant ici : Vous souhaitez participer, donner votre avis ? D\u00e9posez vos contributions en mairie aux heures d&rsquo;ouvertures ou dans&#8230;<\/p>\n","protected":false},"author":1,"featured_media":0,"comment_status":"closed","ping_status":"closed","sticky":false,"template":"","format":"standard","meta":{"footnotes":""},"categories":[3],"tags":[],"class_list":["post-1641","post","type-post","status-publish","format-standard","hentry","category-actualite","post-wrap"],"_links":{"self":[{"href":"https:\/\/mairielachapelleblanche.fr\/index.php?rest_route=\/wp\/v2\/posts\/1641","targetHints":{"allow":["GET"]}}],"collection":[{"href":"https:\/\/mairielachapelleblanche.fr\/index.php?rest_route=\/wp\/v2\/posts"}],"about":[{"href":"https:\/\/mairielachapelleblanche.fr\/index.php?rest_route=\/wp\/v2\/types\/post"}],"author":[{"embeddable":true,"href":"https:\/\/mairielachapelleblanche.fr\/index.php?rest_route=\/wp\/v2\/users\/1"}],"replies":[{"embeddable":true,"href":"https:\/\/mairielachapelleblanche.fr\/index.php?rest_route=%2Fwp%2Fv2%2Fcomments&post=1641"}],"version-history":[{"count":4,"href":"https:\/\/mairielachapelleblanche.fr\/index.php?rest_route=\/wp\/v2\/posts\/1641\/revisions"}],"predecessor-version":[{"id":1653,"href":"https:\/\/mairielachapelleblanche.fr\/index.php?rest_route=\/wp\/v2\/posts\/1641\/revisions\/1653"}],"wp:attachment":[{"href":"https:\/\/mairielachapelleblanche.fr\/index.php?rest_route=%2Fwp%2Fv2%2Fmedia&parent=1641"}],"wp:term":[{"taxonomy":"category","embeddable":true,"href":"https:\/\/mairielachapelleblanche.fr\/index.php?rest_route=%2Fwp%2Fv2%2Fcategories&post=1641"},{"taxonomy":"post_tag","embeddable":true,"href":"https:\/\/mairielachapelleblanche.fr\/index.php?rest_route=%2Fwp%2Fv2%2Ftags&post=1641"}],"curies":[{"name":"wp","href":"https:\/\/api.w.org\/{rel}","templated":true}]}}