{"id":1524,"date":"2024-09-19T13:20:59","date_gmt":"2024-09-19T11:20:59","guid":{"rendered":"http:\/\/mairielachapelleblanche.fr\/?p=1524"},"modified":"2024-09-19T13:22:21","modified_gmt":"2024-09-19T11:22:21","slug":"inauguration-photovoltaique-et-spectacle-de-la-compagnie-du-gravillon","status":"publish","type":"post","link":"https:\/\/mairielachapelleblanche.fr\/?p=1524","title":{"rendered":"Inauguration Photovolta\u00efque et spectacle de la compagnie du Gravillon"},"content":{"rendered":"\n<p class=\"has-text-align-center has-vivid-green-cyan-color has-white-background-color has-text-color has-background has-link-color has-medium-font-size wp-elements-ea7bcf9f219997e9d4374a185c26a3d5\" style=\"font-style:normal;font-weight:800;text-decoration:underline\"><strong>Le samedi 12 octobre 2024 \ud83d\udd06<\/strong><br><strong>Salle des f\u00eates de La Chapelle Blanche<\/strong><\/p>\n\n\n\n<p class=\"has-medium-font-size\">Le conseil municipal a le plaisir de vous inviter \u00e0 l&rsquo;<strong>inauguration<\/strong> de la toiture photovolta\u00efque de la salle des f\u00eates en partenariat avec La Centrale Villageoise Le Solaret,<\/p>\n\n\n\n<p class=\"has-medium-font-size\"><strong>Suivi du spectacle \u00ab\u00a0<em>Lumi\u00e8re, Histoire d&rsquo;une hors la loi<\/em>\u00ab\u00a0, avec la Cie du Gravillon <\/strong><\/p>\n\n\n\n<p class=\"has-medium-font-size\">&#8230; Ne manquez pas Barth\u00e9l\u00e9my Champenois !!<\/p>\n\n\n\n<hr class=\"wp-block-separator has-alpha-channel-opacity\"\/>\n\n\n\n<div data-wp-interactive=\"core\/file\" class=\"wp-block-file\"><object data-wp-bind--hidden=\"!state.hasPdfPreview\" hidden class=\"wp-block-file__embed\" data=\"http:\/\/mairielachapelleblanche.fr\/wp-content\/uploads\/2024\/09\/Inauguration-PV.pdf\" type=\"application\/pdf\" style=\"width:100%;height:600px\" aria-label=\"Contenu embarqu\u00e9 Inauguration-PV.\"><\/object><a id=\"wp-block-file--media-557b2c1f-cda1-4d7a-80ba-faad40a87200\" href=\"http:\/\/mairielachapelleblanche.fr\/wp-content\/uploads\/2024\/09\/Inauguration-PV.pdf\">Inauguration-PV<\/a><\/div>\n","protected":false},"excerpt":{"rendered":"<p>Le samedi 12 octobre 2024 \ud83d\udd06Salle des f\u00eates de La Chapelle Blanche Le conseil municipal a le plaisir de vous inviter \u00e0 l&rsquo;inauguration de la toiture photovolta\u00efque de la salle des f\u00eates en partenariat avec La Centrale Villageoise Le Solaret, Suivi du spectacle \u00ab\u00a0Lumi\u00e8re, Histoire d&rsquo;une hors la loi\u00ab\u00a0, avec la Cie du Gravillon &#8230;&#8230;<\/p>\n","protected":false},"author":1,"featured_media":0,"comment_status":"closed","ping_status":"closed","sticky":false,"template":"","format":"standard","meta":{"footnotes":""},"categories":[3],"tags":[],"class_list":["post-1524","post","type-post","status-publish","format-standard","hentry","category-actualite","post-wrap"],"_links":{"self":[{"href":"https:\/\/mairielachapelleblanche.fr\/index.php?rest_route=\/wp\/v2\/posts\/1524","targetHints":{"allow":["GET"]}}],"collection":[{"href":"https:\/\/mairielachapelleblanche.fr\/index.php?rest_route=\/wp\/v2\/posts"}],"about":[{"href":"https:\/\/mairielachapelleblanche.fr\/index.php?rest_route=\/wp\/v2\/types\/post"}],"author":[{"embeddable":true,"href":"https:\/\/mairielachapelleblanche.fr\/index.php?rest_route=\/wp\/v2\/users\/1"}],"replies":[{"embeddable":true,"href":"https:\/\/mairielachapelleblanche.fr\/index.php?rest_route=%2Fwp%2Fv2%2Fcomments&post=1524"}],"version-history":[{"count":2,"href":"https:\/\/mairielachapelleblanche.fr\/index.php?rest_route=\/wp\/v2\/posts\/1524\/revisions"}],"predecessor-version":[{"id":1527,"href":"https:\/\/mairielachapelleblanche.fr\/index.php?rest_route=\/wp\/v2\/posts\/1524\/revisions\/1527"}],"wp:attachment":[{"href":"https:\/\/mairielachapelleblanche.fr\/index.php?rest_route=%2Fwp%2Fv2%2Fmedia&parent=1524"}],"wp:term":[{"taxonomy":"category","embeddable":true,"href":"https:\/\/mairielachapelleblanche.fr\/index.php?rest_route=%2Fwp%2Fv2%2Fcategories&post=1524"},{"taxonomy":"post_tag","embeddable":true,"href":"https:\/\/mairielachapelleblanche.fr\/index.php?rest_route=%2Fwp%2Fv2%2Ftags&post=1524"}],"curies":[{"name":"wp","href":"https:\/\/api.w.org\/{rel}","templated":true}]}}