{"id":1469,"date":"2024-07-31T13:29:54","date_gmt":"2024-07-31T11:29:54","guid":{"rendered":"http:\/\/mairielachapelleblanche.fr\/?p=1469"},"modified":"2024-07-31T16:48:14","modified_gmt":"2024-07-31T14:48:14","slug":"la-chapelle-blanche-bien-representee-au-jo-de-paris","status":"publish","type":"post","link":"https:\/\/mairielachapelleblanche.fr\/?p=1469","title":{"rendered":"La Chapelle Blanche aux JO de Paris 2024"},"content":{"rendered":"\n<p>Des banderoles dans le village et des encouragements pour &#8230; PAUL ?<\/p>\n\n\n\n<p>OUI car La Chapelle blanche est aux JO ! <\/p>\n\n\n\n<p><br>Puisque <a href=\"https:\/\/www.lepoint.fr\/sport\/jeux-olympiques-paul-jenft-un-grimpeur-en-bonne-voie-26-07-2024-2566464_26.php\"><strong>Paul JENFT<\/strong><\/a>, Chapelain avant d\u2019\u00eatre grenoblois sera en comp\u00e9tition d&rsquo;escalade aux JO de PARIS ! <\/p>\n\n\n\n<p>\u00c7a m\u00e9rite des banderoles, des affiches et nos encouragements <\/p>\n\n\n\n<figure class=\"wp-block-image size-full is-resized\"><img loading=\"lazy\" decoding=\"async\" width=\"889\" height=\"500\" src=\"http:\/\/mairielachapelleblanche.fr\/wp-content\/uploads\/2024\/07\/Paul-O-JO-edited.png\" alt=\"\" class=\"wp-image-1471\" style=\"width:804px;height:auto\" srcset=\"https:\/\/mairielachapelleblanche.fr\/wp-content\/uploads\/2024\/07\/Paul-O-JO-edited.png 889w, https:\/\/mairielachapelleblanche.fr\/wp-content\/uploads\/2024\/07\/Paul-O-JO-edited-300x169.png 300w, https:\/\/mairielachapelleblanche.fr\/wp-content\/uploads\/2024\/07\/Paul-O-JO-edited-768x432.png 768w, https:\/\/mairielachapelleblanche.fr\/wp-content\/uploads\/2024\/07\/Paul-O-JO-edited-750x422.png 750w\" sizes=\"auto, (max-width: 889px) 100vw, 889px\" \/><\/figure>\n\n\n\n<p><strong><a href=\"https:\/\/www.ledauphine.com\/sport\/2024\/06\/23\/paul-jenft-qualifie-pour-les-jeux-olympiques-mejdi-schalck-ne-verra-pas-paris\">Le Dauphin\u00e9 Lib\u00e9r\u00e9 : Paul Jenft qualifi\u00e9 pour les Jeux olympiques !<\/a><\/strong><\/p>\n\n\n\n<figure class=\"wp-block-image size-full is-resized\"><img decoding=\"async\" src=\"http:\/\/mairielachapelleblanche.fr\/wp-content\/uploads\/2024\/07\/Capture.png\" alt=\"\" class=\"wp-image-1474\" style=\"width:753px;height:auto\"\/><\/figure>\n","protected":false},"excerpt":{"rendered":"<p>Des banderoles dans le village et des encouragements pour &#8230; PAUL ? OUI car La Chapelle blanche est aux JO ! Puisque Paul JENFT, Chapelain avant d\u2019\u00eatre grenoblois sera en comp\u00e9tition d&rsquo;escalade aux JO de PARIS ! \u00c7a m\u00e9rite des banderoles, des affiches et nos encouragements Le Dauphin\u00e9 Lib\u00e9r\u00e9 : Paul Jenft qualifi\u00e9 pour les&#8230;<\/p>\n","protected":false},"author":1,"featured_media":0,"comment_status":"closed","ping_status":"closed","sticky":false,"template":"","format":"standard","meta":{"footnotes":""},"categories":[3],"tags":[],"class_list":["post-1469","post","type-post","status-publish","format-standard","hentry","category-actualite","post-wrap"],"_links":{"self":[{"href":"https:\/\/mairielachapelleblanche.fr\/index.php?rest_route=\/wp\/v2\/posts\/1469","targetHints":{"allow":["GET"]}}],"collection":[{"href":"https:\/\/mairielachapelleblanche.fr\/index.php?rest_route=\/wp\/v2\/posts"}],"about":[{"href":"https:\/\/mairielachapelleblanche.fr\/index.php?rest_route=\/wp\/v2\/types\/post"}],"author":[{"embeddable":true,"href":"https:\/\/mairielachapelleblanche.fr\/index.php?rest_route=\/wp\/v2\/users\/1"}],"replies":[{"embeddable":true,"href":"https:\/\/mairielachapelleblanche.fr\/index.php?rest_route=%2Fwp%2Fv2%2Fcomments&post=1469"}],"version-history":[{"count":3,"href":"https:\/\/mairielachapelleblanche.fr\/index.php?rest_route=\/wp\/v2\/posts\/1469\/revisions"}],"predecessor-version":[{"id":1476,"href":"https:\/\/mairielachapelleblanche.fr\/index.php?rest_route=\/wp\/v2\/posts\/1469\/revisions\/1476"}],"wp:attachment":[{"href":"https:\/\/mairielachapelleblanche.fr\/index.php?rest_route=%2Fwp%2Fv2%2Fmedia&parent=1469"}],"wp:term":[{"taxonomy":"category","embeddable":true,"href":"https:\/\/mairielachapelleblanche.fr\/index.php?rest_route=%2Fwp%2Fv2%2Fcategories&post=1469"},{"taxonomy":"post_tag","embeddable":true,"href":"https:\/\/mairielachapelleblanche.fr\/index.php?rest_route=%2Fwp%2Fv2%2Ftags&post=1469"}],"curies":[{"name":"wp","href":"https:\/\/api.w.org\/{rel}","templated":true}]}}